{"id":2840,"date":"2023-01-27T07:00:00","date_gmt":"2023-01-27T10:00:00","guid":{"rendered":"https:\/\/www.mamoruoguro.com\/?p=2840"},"modified":"2023-01-25T07:59:35","modified_gmt":"2023-01-25T10:59:35","slug":"os-15-icones-internacionais-da-fotografia","status":"publish","type":"post","link":"https:\/\/www.mamoruoguro.com\/es\/os-15-icones-internacionais-da-fotografia\/","title":{"rendered":"Los 15 iconos de la fotograf\u00eda internacional"},"content":{"rendered":"<p><img loading=\"lazy\" class=\"alignnone size-medium wp-image-2844 aligncenter\" src=\"https:\/\/www.mamoruoguro.com\/wp-content\/uploads\/2023\/01\/photo_2023-01-23_11-19-55-300x200.jpg\" alt=\"os 15 \u00edcones internacionais da fotografia\" width=\"300\" height=\"200\" srcset=\"https:\/\/www.mamoruoguro.com\/wp-content\/uploads\/2023\/01\/photo_2023-01-23_11-19-55-300x200.jpg 300w, https:\/\/www.mamoruoguro.com\/wp-content\/uploads\/2023\/01\/photo_2023-01-23_11-19-55-1024x682.jpg 1024w, https:\/\/www.mamoruoguro.com\/wp-content\/uploads\/2023\/01\/photo_2023-01-23_11-19-55-16x12.jpg 16w, https:\/\/www.mamoruoguro.com\/wp-content\/uploads\/2023\/01\/photo_2023-01-23_11-19-55-70x47.jpg 70w, https:\/\/www.mamoruoguro.com\/wp-content\/uploads\/2023\/01\/photo_2023-01-23_11-19-55-700x470.jpg 700w, https:\/\/www.mamoruoguro.com\/wp-content\/uploads\/2023\/01\/photo_2023-01-23_11-19-55-780x520.jpg 780w, https:\/\/www.mamoruoguro.com\/wp-content\/uploads\/2023\/01\/photo_2023-01-23_11-19-55.jpg 1280w, https:\/\/www.mamoruoguro.com\/wp-content\/uploads\/2023\/01\/photo_2023-01-23_11-19-55-300x200@2x.jpg 600w\" sizes=\"(max-width: 300px) 100vw, 300px\" \/><\/p>\n\n\n\n<p><script async=\"\" src=\"https:\/\/pagead2.googlesyndication.com\/pagead\/js\/adsbygoogle.js\"><\/script><\/p>\n<!-- Recomendado -->\n<p><ins class=\"adsbygoogle\" style=\"display: block;\" data-ad-client=\"ca-pub-4122177136332417\" data-ad-slot=\"6491884755\" data-ad-format=\"auto\" data-full-width-responsive=\"true\"><\/ins> <script>\n     (adsbygoogle = window.adsbygoogle || []).push({});\n<\/script><\/p>\n\n\n\n<p>Inicialmente, cabe decir que la fotograf\u00eda es una poderosa forma de expresi\u00f3n art\u00edstica y documentaci\u00f3n hist\u00f3rica. A lo largo de los a\u00f1os, muchos fot\u00f3grafos han destacado por sus capacidades t\u00e9cnicas, est\u00e9tica y visi\u00f3n del mundo.<\/p>\n<p>As\u00ed, aqu\u00ed hay 15 \u00edconos de la fotograf\u00eda internacional que contribuyeron a dar forma e influir en la historia de la fotograf\u00eda:<\/p>\n\n\n\n<p><script async=\"\" src=\"https:\/\/pagead2.googlesyndication.com\/pagead\/js\/adsbygoogle.js\"><\/script><\/p>\n<!-- Recomendado -->\n<p><ins class=\"adsbygoogle\" style=\"display: block;\" data-ad-client=\"ca-pub-4122177136332417\" data-ad-slot=\"6491884755\" data-ad-format=\"auto\" data-full-width-responsive=\"true\"><\/ins> <script>\n     (adsbygoogle = window.adsbygoogle || []).push({});\n<\/script><\/p>\n\n\n\n<h4><strong>Ansel Adams<\/strong><\/h4>\n<p>Considerado uno de los mejores fot\u00f3grafos de paisajes de todos los tiempos, Adams era conocido por sus fotograf\u00edas de alta calidad de parques nacionales estadounidenses como Yosemite y Yellowstone.<\/p>\n<h4><strong>Roberto Capa<\/strong><\/h4>\n<p>Uno de los primeros fot\u00f3grafos de guerra, ya que fue Capa quien capt\u00f3 im\u00e1genes memorables durante la Segunda Guerra Mundial, incluida la invasi\u00f3n de Normand\u00eda.<\/p>\n<h4><strong>Henri Cartier-Bresson<\/strong><\/h4>\n<p>Conocido como el \u201cpadre de la fotograf\u00eda callejera\u201d, Cartier-Bresson captur\u00f3 im\u00e1genes sinceras y sorprendentes del mundo que lo rodeaba.<\/p>\n<h4><strong>Dorothea Lange<\/strong><\/h4>\n<p>Considerado un fot\u00f3grafo social, Lange document\u00f3 la Gran Depresi\u00f3n estadounidense y las dificultades que enfrentaron los inmigrantes estadounidenses.<\/p>\n<h4><strong>Hombre rayo<\/strong><\/h4>\n<p>Man Ray, uno de los fot\u00f3grafos art\u00edsticos m\u00e1s importantes del siglo XX, cre\u00f3 im\u00e1genes sorprendentes y surrealistas utilizando t\u00e9cnicas avanzadas de manipulaci\u00f3n de im\u00e1genes.<\/p>\n<h4><strong>Diana Arbus<\/strong><\/h4>\n<p>Conocida por sus poderosos retratos de personas marginadas, Arbus fue una de las primeras fot\u00f3grafas en explorar la subjetividad del individuo.<\/p>\n<h4><strong>Roberto Frank<\/strong><\/h4>\n<p>Frank, uno de los mejores fot\u00f3grafos callejeros de todos los tiempos, captur\u00f3 im\u00e1genes aut\u00e9nticas y sencillas de la vida estadounidense en las d\u00e9cadas de 1950 y 1960.<\/p>\n<h4><strong>Richard Aved\u00f3n <\/strong><\/h4>\n<p>Avedon, uno de los mejores fot\u00f3grafos de moda de todos los tiempos, cre\u00f3 im\u00e1genes ic\u00f3nicas para revistas de moda y campa\u00f1as publicitarias.<\/p>\n<h4><strong>Annie Leibovitz<\/strong><\/h4>\n<p>Leibovitz, uno de los fot\u00f3grafos m\u00e1s famosos del mundo, ha capturado retratos ic\u00f3nicos de celebridades y figuras pol\u00edticas.<\/p>\n<h4><strong>Irving Penn<\/strong><\/h4>\n<p>Penn, conocido por sus fotograf\u00edas y retratos de moda, fue uno de los fot\u00f3grafos m\u00e1s respetados del siglo XX.<\/p>\n<h4><strong>Mart\u00edn Parr<\/strong><\/h4>\n<p>Parr, uno de los fot\u00f3grafos callejeros m\u00e1s importantes de nuestro tiempo, captura im\u00e1genes coloridas e irreverentes de la vida cotidiana.<\/p>\n<h4><strong>sally mann<\/strong><\/h4>\n<p>Mann, fot\u00f3grafa familiar, captur\u00f3 im\u00e1genes \u00edntimas y personales de su propia familia, as\u00ed como retratos de otras familias estadounidenses.<\/p>\n<h4><strong>Helen Levitt<\/strong><\/h4>\n<p>Levitt, fot\u00f3grafo callejero, captur\u00f3 im\u00e1genes de ni\u00f1os y adolescentes en las calles de Nueva York en las d\u00e9cadas de 1940 y 1950.<\/p>\n<h4><strong>Sebasti\u00e1n Salgado<\/strong><\/h4>\n<p>Salgado, fot\u00f3grafo documental, viaj\u00f3 por el mundo capturando im\u00e1genes de trabajadores y comunidades en situaci\u00f3n de pobreza.<\/p>\n<h4><strong>Steve McCurry<\/strong><\/h4>\n<p>McCurry, fot\u00f3grafo documental, ha capturado im\u00e1genes ic\u00f3nicas de culturas y comunidades de todo el mundo, incluida la famosa imagen de &quot;La ni\u00f1a afgana&quot;.<\/p>\n<p>\u00a0<\/p>\n<p>En \u00faltima instancia, estos fot\u00f3grafos son s\u00f3lo algunos de los muchos \u00edconos de la fotograf\u00eda internacional que han contribuido a dar forma e influir en la historia de la fotograf\u00eda, ya que sus im\u00e1genes contin\u00faan siendo apreciadas y estudiadas hasta el d\u00eda de hoy y sus t\u00e9cnicas y est\u00e9tica contin\u00faan inspirando a generaciones de fot\u00f3grafos.<\/p>\n\n\n\n<p><script async=\"\" src=\"https:\/\/pagead2.googlesyndication.com\/pagead\/js\/adsbygoogle.js\"><\/script><\/p>\n<!-- Recomendado -->\n<p><ins class=\"adsbygoogle\" style=\"display: block;\" data-ad-client=\"ca-pub-4122177136332417\" data-ad-slot=\"6491884755\" data-ad-format=\"auto\" data-full-width-responsive=\"true\"><\/ins> <script>\n     (adsbygoogle = window.adsbygoogle || []).push({});\n<\/script><\/p>\n\n\n\n<p style=\"text-align: center;\"><strong>Los 15 iconos de la fotograf\u00eda internacional<\/strong><\/p>\n<p style=\"text-align: center;\">Entonces, \u00bfte gust\u00f3 el art\u00edculo y quieres contribuir con un caf\u00e9 de agradecimiento? Haga su contribuci\u00f3n utilizando el c\u00f3digo QR a continuaci\u00f3n. Ayuda al Foto Blog que te ayuda. \u00a1Cualquier cantidad es bienvenida!<\/p>\n<p><img loading=\"lazy\" class=\"size-medium wp-image-2173 aligncenter\" src=\"https:\/\/www.mamoruoguro.com\/wp-content\/uploads\/2021\/05\/pix-300x293.png\" alt=\"\" width=\"300\" height=\"293\" \/><\/p>\n<h6>Art\u00edculos relacionados<\/h6>\n<p>| |\u00a0 <a href=\"https:\/\/www.mamoruoguro.com\/es\/como-fazer-fotos-de-longa-exposicao\/\">Haz una larga exposici\u00f3n<\/a> | | <a href=\"https:\/\/www.mamoruoguro.com\/es\/tipos-de-cameras-fotograficas\/\">Tipos de c\u00e1maras<\/a> | | <a href=\"https:\/\/www.mamoruoguro.com\/es\/luz-o-principio-parte1\/\">Ilumina el principio (parte 1)<\/a> | | <a href=\"https:\/\/www.mamoruoguro.com\/es\/luz-o-principio-parte2\/\">Ilumina el principio (parte 2)<\/a> | |<\/p>\n<h6>Otros enlaces<\/h6>\n<p>| | <a href=\"https:\/\/www.mamoruoguro.com\/es\/acessorios-fotograficos\/\">Accesorios de fotograf\u00eda<\/a> | | Los 15 iconos de la fotograf\u00eda internacional | | Fotograf\u00eda | | Galer\u00eda en l\u00ednea | | FotoBlog | | Fotometr\u00eda | | <a href=\"https:\/\/www.mamoruoguro.com\/es\/tecnica-fotografica\/\">T\u00e9cnica fotogr\u00e1fica<\/a> ||\u00a0 <a href=\"https:\/\/www.mamoruoguro.com\/es\/tecnica-fotografica-cor\/\">Color de la t\u00e9cnica fotogr\u00e1fica<\/a> | | <a href=\"https:\/\/www.mamoruoguro.com\/es\/qualidade-de-uma-foto\/\">\u00a0Calidad de una foto<\/a> | |\u00a0 <a href=\"https:\/\/www.mamoruoguro.com\/es\/o-que-e-fotografia\/\">\u00bfQu\u00e9 es la fotograf\u00eda?<\/a> | |\u00a0 <a href=\"https:\/\/www.mamoruoguro.com\/es\/o-papel-so-sensor-na-camera\/\">El papel del sensor<\/a> | |\u00a0 <a href=\"https:\/\/www.mamoruoguro.com\/es\/precos-book-pacotes-fotograficos\/\">Precios<\/a> | | Tri\u00e1ngulo de exposici\u00f3n del diafragma | |\u00a0 <a href=\"https:\/\/www.mamoruoguro.com\/es\/tipos-de-cameras\/\">\u00a0Tipos de lentes<\/a> |\u00a0<\/p>\n<div class=\"fb-background-color\">\n\t\t\t  <div \n\t\t\t  \tclass = \"fb-comments\" \n\t\t\t  \tdata-href = \"https:\/\/www.mamoruoguro.com\/es\/os-15-icones-internacionais-da-fotografia\/\"\n\t\t\t  \tdata-numposts = \"10\"\n\t\t\t  \tdata-lazy = \"true\"\n\t\t\t\tdata-colorscheme = \"light\"\n\t\t\t\tdata-order-by = \"social\"\n\t\t\t\tdata-mobile=true>\n\t\t\t  <\/div><\/div>\n\t\t  <style>\n\t\t    .fb-background-color {\n\t\t\t\tbackground: #ffffff !important;\n\t\t\t}\n\t\t\t.fb_iframe_widget_fluid_desktop iframe {\n\t\t\t    width: 100% !important;\n\t\t\t}\n\t\t  <\/style>","protected":false},"excerpt":{"rendered":"<p>Inicialmente, cabe decir que la fotograf\u00eda es una poderosa forma de expresi\u00f3n art\u00edstica y documentaci\u00f3n hist\u00f3rica. A lo largo de los a\u00f1os, muchos fot\u00f3grafos han destacado por sus capacidades t\u00e9cnicas, est\u00e9tica y visi\u00f3n del mundo. As\u00ed, aqu\u00ed hay 15 \u00edconos de la fotograf\u00eda internacional que contribuyeron a dar forma e influir en la historia de la fotograf\u00eda: Ansel Adams Considerado [\u2026]<\/p>","protected":false},"author":1,"featured_media":2844,"comment_status":"open","ping_status":"open","sticky":false,"template":"","format":"standard","meta":[],"categories":[1],"tags":[],"_links":{"self":[{"href":"https:\/\/www.mamoruoguro.com\/es\/wp-json\/wp\/v2\/posts\/2840"}],"collection":[{"href":"https:\/\/www.mamoruoguro.com\/es\/wp-json\/wp\/v2\/posts"}],"about":[{"href":"https:\/\/www.mamoruoguro.com\/es\/wp-json\/wp\/v2\/types\/post"}],"author":[{"embeddable":true,"href":"https:\/\/www.mamoruoguro.com\/es\/wp-json\/wp\/v2\/users\/1"}],"replies":[{"embeddable":true,"href":"https:\/\/www.mamoruoguro.com\/es\/wp-json\/wp\/v2\/comments?post=2840"}],"version-history":[{"count":5,"href":"https:\/\/www.mamoruoguro.com\/es\/wp-json\/wp\/v2\/posts\/2840\/revisions"}],"predecessor-version":[{"id":2870,"href":"https:\/\/www.mamoruoguro.com\/es\/wp-json\/wp\/v2\/posts\/2840\/revisions\/2870"}],"wp:featuredmedia":[{"embeddable":true,"href":"https:\/\/www.mamoruoguro.com\/es\/wp-json\/wp\/v2\/media\/2844"}],"wp:attachment":[{"href":"https:\/\/www.mamoruoguro.com\/es\/wp-json\/wp\/v2\/media?parent=2840"}],"wp:term":[{"taxonomy":"category","embeddable":true,"href":"https:\/\/www.mamoruoguro.com\/es\/wp-json\/wp\/v2\/categories?post=2840"},{"taxonomy":"post_tag","embeddable":true,"href":"https:\/\/www.mamoruoguro.com\/es\/wp-json\/wp\/v2\/tags?post=2840"}],"curies":[{"name":"wp","href":"https:\/\/api.w.org\/{rel}","templated":true}]}}