{"id":1832,"date":"2021-04-09T06:00:00","date_gmt":"2021-04-09T09:00:00","guid":{"rendered":"https:\/\/www.mamoruoguro.com\/sitenew\/?p=1832"},"modified":"2021-05-26T12:11:31","modified_gmt":"2021-05-26T15:11:31","slug":"luz-o-principio-parte3","status":"publish","type":"post","link":"https:\/\/www.mamoruoguro.com\/es\/luz-o-principio-parte3\/","title":{"rendered":"Luz, el principio (parte 3)"},"content":{"rendered":"<p>En un principio, como ya se ha descrito en otros art\u00edculos, fotografiar es dibujar con luz y comprender los conceptos b\u00e1sicos sobre la luz, como el mejor momento, su temperatura de color, etc. es fundamental hacer una foto de impacto \u201d.<\/p>\n<p>Por lo tanto, comprender c\u00f3mo funciona la luz en los equipos digitales lo ayudar\u00e1 a comprender c\u00f3mo se dibujan y cambian los colores a medida que dispara.<\/p>\n<h4>La sensaci\u00f3n de color<\/h4>\n<blockquote>\n<p><span style=\"font-size: 14px;\">La sensaci\u00f3n de color se produce mediante rayos de luz reflejados o transmitidos por un objeto. Un rayo de luz puede considerarse una onda electromagn\u00e9tica, parte de la serie m\u00e1s amplia de ondas electromagn\u00e9ticas que viajan por el espacio y se describe por su longitud de onda y su frecuencia.<\/span><\/p>\n<script async=\"\" src=\"https:\/\/pagead2.googlesyndication.com\/pagead\/js\/adsbygoogle.js\"><\/script> <!-- Recomendado --> <ins class=\"adsbygoogle\" style=\"display: block;\" data-ad-client=\"ca-pub-4122177136332417\" data-ad-slot=\"6491884755\" data-ad-format=\"auto\" data-full-width-responsive=\"true\"><\/ins> <script>\n     (adsbygoogle = window.adsbygoogle || []).push({});\n<\/script>\n<h6><span style=\"font-size: 14px;\">Longitud de onda<\/span><\/h6>\n<p><span style=\"font-size: 14px;\">La longitud de onda es la distancia entre dos puntos adyacentes correspondientes en el patr\u00f3n de onda, como se muestra en mientras que la frecuencia se refiere al n\u00famero de ondas que pasan por un punto dado cada segundo. El producto de la longitud de onda por la frecuencia es igual a la velocidad de la onda. El espectro electromagn\u00e9tico se extiende desde longitudes de onda desde 0,0000001 nan\u00f3metros (nm) hasta 1000 km. Lo que llamamos luz es la parte visible del espectro, desde aproximadamente 400 nm hasta aproximadamente 700 nm.<\/span><\/p>\n<p><span style=\"font-size: 14px;\">Teniendo en cuenta que 1 nm es igual a 1\/1000000000 m, est\u00e1 claro que el espectro visual representa una parte muy peque\u00f1a del espectro electromagn\u00e9tico. Por debajo de 390 nm est\u00e1 el rango ultravioleta (UV) y por encima de 760 nm est\u00e1 el rango infrarrojo (IR). Por tanto, las radiaciones UV e IR no son visibles. <\/span><\/p>\n<p><span style=\"font-size: 14px;\">En las c\u00e1maras digitales, los sensores electr\u00f3nicos del dispositivo de carga acoplada (CCD) y el semiconductor semiconductor complementario de \u00f3xido met\u00e1lico (CMOS) son sensibles a los rayos infrarrojos [\u2026] <\/span><\/p>\n<p><span style=\"font-size: 14px;\">La luz blanca es una mezcla de rayos de colores. En la segunda mitad del siglo XVII, Sir Isaac Newton demostr\u00f3 que cuando la luz blanca cae sobre un prisma de vidrio transparente, no solo se desv\u00eda, sino que tambi\u00e9n se refracta en muchos rayos de colores en el siguiente orden: rojo, naranja, amarillo, verde, azul, \u00edndigo y violeta. La magnitud de la refracci\u00f3n depende de la longitud de onda del rayo, que mostr\u00f3 que la luz blanca estaba formada por rayos de diferentes longitudes de onda, que corresponden a los colores que vemos en el espectro (LANGFORD, 2013).<\/span><\/p>\n<\/blockquote>\n<p>Las siguientes im\u00e1genes ilustran la longitud de onda y la incidencia en el prisma indicado por:<\/p>\n\n\n\n<div class=\"wp-block-image\"><figure class=\"aligncenter size-large\"><img loading=\"lazy\" width=\"363\" height=\"213\" src=\"https:\/\/www.mamoruoguro.com\/sitenew\/wp-content\/uploads\/2021\/05\/prisma.jpg\" alt=\"\" class=\"wp-image-1837\" srcset=\"https:\/\/www.mamoruoguro.com\/wp-content\/uploads\/2021\/05\/prisma.jpg 363w, https:\/\/www.mamoruoguro.com\/wp-content\/uploads\/2021\/05\/prisma-300x176.jpg 300w, https:\/\/www.mamoruoguro.com\/wp-content\/uploads\/2021\/05\/prisma-70x41.jpg 70w\" sizes=\"(max-width: 363px) 100vw, 363px\" \/><\/figure><\/div>\n\n\n\n<h6 style=\"text-align: center;\">Solo despu\u00e9s de estudiar sobre la luz descubr\u00ed el significado de la portada del \u00e1lbum Dark Side de Pink Floyd.<\/h6>\n\n\n\n<div class=\"wp-block-image\"><figure class=\"aligncenter size-large\"><img loading=\"lazy\" width=\"1024\" height=\"683\" src=\"https:\/\/www.mamoruoguro.com\/sitenew\/wp-content\/uploads\/2021\/05\/luz-9482edit-1-1024x683.jpg\" alt=\"\" class=\"wp-image-1838\" srcset=\"https:\/\/www.mamoruoguro.com\/wp-content\/uploads\/2021\/05\/luz-9482edit-1-1024x683.jpg 1024w, https:\/\/www.mamoruoguro.com\/wp-content\/uploads\/2021\/05\/luz-9482edit-1-300x200.jpg 300w, https:\/\/www.mamoruoguro.com\/wp-content\/uploads\/2021\/05\/luz-9482edit-1-1536x1024.jpg 1536w, https:\/\/www.mamoruoguro.com\/wp-content\/uploads\/2021\/05\/luz-9482edit-1-70x47.jpg 70w, https:\/\/www.mamoruoguro.com\/wp-content\/uploads\/2021\/05\/luz-9482edit-1-780x520.jpg 780w, https:\/\/www.mamoruoguro.com\/wp-content\/uploads\/2021\/05\/luz-9482edit-1.jpg 2048w, https:\/\/www.mamoruoguro.com\/wp-content\/uploads\/2021\/05\/luz-9482edit-1-300x200@2x.jpg 600w\" sizes=\"(max-width: 1024px) 100vw, 1024px\" \/><\/figure><\/div>\n\n\n\n<h5>Reflexi\u00f3n de luz<\/h5>\n<p>Por tanto, si los objetos son percibidos por el ojo humano a partir del reflejo de la luz, es a partir de la entrada de esa misma luz a trav\u00e9s del lente de la c\u00e1mara que podremos registrar y percibir la informaci\u00f3n contenida en las im\u00e1genes.<\/p>\n<p>Aunque puede profundizar en los conceptos f\u00edsicos avanzados para comprender la incidencia de la luz en los objetos, el alcance de este art\u00edculo es proponer una comprensi\u00f3n de los efectos de la iluminaci\u00f3n a trav\u00e9s de su c\u00e1mara y las respuestas que ofrece durante la grabaci\u00f3n de im\u00e1genes.<\/p>\n<h5>En la pr\u00e1ctica<\/h5>\n<p>Compare la percepci\u00f3n de la luz de la c\u00e1mara con el propio ojo humano. Un d\u00eda claro y soleado parece revelar muchos m\u00e1s colores y detalles que una tarde lluviosa. Asimismo, mirar directamente al sol provocar\u00e1 que tengas la visi\u00f3n borrosa por unos momentos, debido al exceso de luz que recibe la c\u00f3rnea, que debe distribuir esta onda luminosa a la retina. As\u00ed como nuestros ojos tienen, en la pupila, el movimiento de apertura y cierre midiendo la entrada de luz, as\u00ed ocurre con el diafragma de la c\u00e1mara.<\/p>\n<h5>Luces diferentes<\/h5>\n<p>De esta forma, una fotograf\u00eda tomada a la luz de la ma\u00f1ana proporcionar\u00e1 resultados diferentes a la misma imagen tomada al atardecer. Del mismo modo, apuntar la c\u00e1mara directamente a la luz la har\u00e1 &quot;ciega&quot; en lugar de grabar la imagen. Sin embargo, una foto tomada de noche, sin la ayuda de luz suplementaria, revelar\u00e1 menos detalles que la misma imagen producida durante el d\u00eda.<\/p>\n<h6>Curiosidad:<\/h6>\n<p>Incluso antes de que la fotograf\u00eda se hiciera popular, el impresionismo del siglo XIX aclar\u00f3 el papel de la luz en la percepci\u00f3n de la realidad, incluidos los colores. Claude Monet fue conocido por una serie de pinturas de la Catedral de Rouen, retratadas en diferentes momentos y situaciones del d\u00eda. De esta forma, dej\u00f3 en claro la importancia de la incidencia de la luz y estos cambios en la percepci\u00f3n.<\/p>\n<p>\u00a1Hasta el pr\u00f3ximo art\u00edculo!<\/p>\n<hr \/>\n<h6 style=\"text-align: center;\">De todos modos, nos veremos en el pr\u00f3ximo art\u00edculo sobre t\u00e9cnica fotogr\u00e1fica.<\/h6>\n<hr \/>\n<p style=\"text-align: center;\">Entonces, \u00bfte gust\u00f3 el art\u00edculo y quieres contribuir con un caf\u00e9 de agradecimiento? Haga su contribuci\u00f3n a trav\u00e9s del c\u00f3digo QR a continuaci\u00f3n. Ayuda al Foto Blog que te ayuda. \u00a1Cualquier valor es bienvenido! Un caf\u00e9 es R$2 aqu\u00ed, por ejemplo.<\/p>\n<p><img loading=\"lazy\" class=\"size-medium wp-image-2173 aligncenter\" src=\"https:\/\/www.mamoruoguro.com\/wp-content\/uploads\/2021\/05\/pix-300x293.png\" alt=\"\" width=\"300\" height=\"293\" \/><\/p>\n<h6>Art\u00edculos relacionados<\/h6>\n<p>| Haz una larga exposici\u00f3n | Tipos de c\u00e1maras | Encienda el principio (parte 1) |<\/p>\n<p>| Fot\u00f3grafo | Saquarema | Foto | Fotograf\u00eda | Galer\u00eda en l\u00ednea | FotoBlog | Claude Monet | <a href=\"https:\/\/www.mamoruoguro.com\/es\/tecnica-fotografica\/\">T\u00e9cnica fotogr\u00e1fica<\/a> | T\u00e9cnica fotogr\u00e1fica en color<\/p>\n<div class=\"fb-background-color\">\n\t\t\t  <div \n\t\t\t  \tclass = \"fb-comments\" \n\t\t\t  \tdata-href = \"https:\/\/www.mamoruoguro.com\/es\/luz-o-principio-parte3\/\"\n\t\t\t  \tdata-numposts = \"10\"\n\t\t\t  \tdata-lazy = \"true\"\n\t\t\t\tdata-colorscheme = \"light\"\n\t\t\t\tdata-order-by = \"social\"\n\t\t\t\tdata-mobile=true>\n\t\t\t  <\/div><\/div>\n\t\t  <style>\n\t\t    .fb-background-color {\n\t\t\t\tbackground: #ffffff !important;\n\t\t\t}\n\t\t\t.fb_iframe_widget_fluid_desktop iframe {\n\t\t\t    width: 100% !important;\n\t\t\t}\n\t\t  <\/style>","protected":false},"excerpt":{"rendered":"<p>En principio, como ya se ha descrito en otros art\u00edculos, la fotograf\u00eda se trata de dibujar con la luz y comprender los conceptos b\u00e1sicos sobre la luz, como la mejor hora del d\u00eda, su temperatura de color, etc. Es esencial hacer una foto impactante\u201d. Por lo tanto, comprender c\u00f3mo funciona la luz en los equipos digitales le ayudar\u00e1 a comprender c\u00f3mo funcionan los colores [\u2026]<\/p>","protected":false},"author":1,"featured_media":1838,"comment_status":"closed","ping_status":"open","sticky":false,"template":"","format":"standard","meta":[],"categories":[1,58,57],"tags":[46,44,45,67,69,52],"_links":{"self":[{"href":"https:\/\/www.mamoruoguro.com\/es\/wp-json\/wp\/v2\/posts\/1832"}],"collection":[{"href":"https:\/\/www.mamoruoguro.com\/es\/wp-json\/wp\/v2\/posts"}],"about":[{"href":"https:\/\/www.mamoruoguro.com\/es\/wp-json\/wp\/v2\/types\/post"}],"author":[{"embeddable":true,"href":"https:\/\/www.mamoruoguro.com\/es\/wp-json\/wp\/v2\/users\/1"}],"replies":[{"embeddable":true,"href":"https:\/\/www.mamoruoguro.com\/es\/wp-json\/wp\/v2\/comments?post=1832"}],"version-history":[{"count":6,"href":"https:\/\/www.mamoruoguro.com\/es\/wp-json\/wp\/v2\/posts\/1832\/revisions"}],"predecessor-version":[{"id":2394,"href":"https:\/\/www.mamoruoguro.com\/es\/wp-json\/wp\/v2\/posts\/1832\/revisions\/2394"}],"wp:featuredmedia":[{"embeddable":true,"href":"https:\/\/www.mamoruoguro.com\/es\/wp-json\/wp\/v2\/media\/1838"}],"wp:attachment":[{"href":"https:\/\/www.mamoruoguro.com\/es\/wp-json\/wp\/v2\/media?parent=1832"}],"wp:term":[{"taxonomy":"category","embeddable":true,"href":"https:\/\/www.mamoruoguro.com\/es\/wp-json\/wp\/v2\/categories?post=1832"},{"taxonomy":"post_tag","embeddable":true,"href":"https:\/\/www.mamoruoguro.com\/es\/wp-json\/wp\/v2\/tags?post=1832"}],"curies":[{"name":"wp","href":"https:\/\/api.w.org\/{rel}","templated":true}]}}