{"id":1764,"date":"2021-04-04T07:00:00","date_gmt":"2021-04-04T10:00:00","guid":{"rendered":"https:\/\/www.mamoruoguro.com\/sitenew\/?p=1764"},"modified":"2021-05-24T17:32:43","modified_gmt":"2021-05-24T20:32:43","slug":"o-que-e-fotografia","status":"publish","type":"post","link":"https:\/\/www.mamoruoguro.com\/es\/o-que-e-fotografia\/","title":{"rendered":"\u00bfQu\u00e9 es la fotograf\u00eda?"},"content":{"rendered":"<h4>Definici\u00f3n<\/h4>\r\n<p>Por definici\u00f3n, la fotograf\u00eda es la t\u00e9cnica de crear im\u00e1genes a trav\u00e9s de la exposici\u00f3n a la luz, fij\u00e1ndolas en una superficie sensible a la luz.<\/p>\r\n<p>La mezcla de dos conocimientos gener\u00f3 la fotograf\u00eda. En otras palabras, incluso en la antig\u00fcedad, el principio se produjo a trav\u00e9s de la observaci\u00f3n de fen\u00f3menos f\u00edsicos. Del mismo modo, mucho m\u00e1s tarde, en el siglo XIX, se a\u00f1adi\u00f3 a la qu\u00edmica y, hoy en d\u00eda, a la fotograf\u00eda digital.<\/p>\r\n<p>De esta forma se alcanz\u00f3 el t\u00edtulo actual, ya ha tenido al menos dos nombres anteriores, a saber, heliograf\u00eda y daguerrotipo.<\/p>\r\n<p>Finalmente, el t\u00e9rmino fotograf\u00eda, utilizado por primera vez en Brasil, fue creado por un franc\u00e9s en el interior de S\u00e3o Paulo, en 1834.<\/p>\r\n<script async src=\"https:\/\/pagead2.googlesyndication.com\/pagead\/js\/adsbygoogle.js\"><\/script>\r\n<!-- Recomendado -->\r\n<ins class=\"adsbygoogle\"\r\n     style=\"display:block\"\r\n     data-ad-client=\"ca-pub-4122177136332417\"\r\n     data-ad-slot=\"6491884755\"\r\n     data-ad-format=\"auto\"\r\n     data-full-width-responsive=\"true\"><\/ins>\r\n<script>\r\n     (adsbygoogle = window.adsbygoogle || []).push({});\r\n<\/script>\r\n<h4>Del cuarto oscuro a la popularidad<\/h4>\r\n<p>Teniendo en cuenta los estudios del cuarto oscuro, reci\u00e9n en la primera mitad del siglo pasado la fotograf\u00eda dej\u00f3 de ser una forma de expresi\u00f3n restringida. Hasta entonces, solo ten\u00edan acceso fot\u00f3grafos profesionales y un peque\u00f1o grupo de personas ricas.<\/p>\r\n<p>Esto sucedi\u00f3 con la evoluci\u00f3n del proceso. La mejora de los materiales fotosensibles y la simplificaci\u00f3n del equipamiento, de esta forma, hizo posible que el consumo y el aprendizaje de la pr\u00e1ctica llegaran al ciudadano com\u00fan.<\/p>\r\n<p>Cada per\u00edodo se incorporaron mejoras. Reemplazaron las placas de vidrio \u00fanicas con pel\u00edculas flexibles en blanco y negro que luego se volvieron coloreadas y cada vez m\u00e1s sensibles.<\/p>\r\n<p>Con eso, llegaron las peque\u00f1as y potentes c\u00e1maras r\u00e9flex y, m\u00e1s tarde, el sistema digital, que reinvent\u00f3 el arte fotogr\u00e1fico.<\/p>\r\n<p>Desde el momento del clic hasta la impresi\u00f3n de las im\u00e1genes, todo el proceso se hizo m\u00e1s amigable, convirtiendo la fotograf\u00eda digital en una \u201cman\u00eda\u201d.<\/p>\r\n<p>Con la llegada del sistema digital y, poco despu\u00e9s, las redes sociales, notamos un gran aumento en la cantidad de nuevas im\u00e1genes.<\/p>\r\n<p>De esta forma, la convivencia entre la fotograf\u00eda digital y los nuevos medios ha transformado la fotograf\u00eda en un elemento fundamental de la comunicaci\u00f3n social.<\/p>\r\n<p>Como su historia, la pr\u00e1ctica de la fotograf\u00eda se compone de dos mitades cruciales y conectadas, una de car\u00e1cter t\u00e9cnico y la otra de orden est\u00e9tico.<\/p>\r\n<p style=\"text-align: right;\"><em><span style=\"font-size: 12px;\">*** Fuente: Libro de fotograf\u00eda t\u00e9cnica y pr\u00e1ctica | Autor Vitch\u00e9 Palacin<\/span><\/em><\/p>\r\n<hr \/>\r\n<p style=\"text-align: center;\">De todos modos, nos veremos en el pr\u00f3ximo art\u00edculo.<\/p>\r\n<hr \/>\r\n<p style=\"text-align: center;\">Entonces, \u00bfte gust\u00f3 el art\u00edculo y quieres contribuir con un caf\u00e9 de agradecimiento? Haga su contribuci\u00f3n a trav\u00e9s del c\u00f3digo QR a continuaci\u00f3n. Ayuda al Foto Blog que te ayuda. \u00a1Cualquier valor es bienvenido! Un caf\u00e9 es R$2 aqu\u00ed, por ejemplo.<\/p>\r\n<p><img loading=\"lazy\" class=\"size-medium wp-image-2173 aligncenter\" src=\"https:\/\/www.mamoruoguro.com\/wp-content\/uploads\/2021\/05\/pix-300x293.png\" alt=\"\" width=\"300\" height=\"293\" \/><\/p>\r\n<h6>Art\u00edculos relacionados<\/h6>\r\n<p>| Haz una larga exposici\u00f3n | Tipos de c\u00e1maras | Encienda el principio (parte 1) | Encienda el principio (parte 2) |<\/p>\r\n<p>| Fot\u00f3grafo | Saquarema | Foto | Fotograf\u00eda | Galer\u00eda en l\u00ednea | FotoBlog | Claude Monet | <a href=\"https:\/\/www.mamoruoguro.com\/es\/tecnica-fotografica\/\">T\u00e9cnica fotogr\u00e1fica<\/a> | T\u00e9cnica fotogr\u00e1fica en color<\/p>\r\n<div class=\"fb-background-color\">\n\t\t\t  <div \n\t\t\t  \tclass = \"fb-comments\" \n\t\t\t  \tdata-href = \"https:\/\/www.mamoruoguro.com\/es\/o-que-e-fotografia\/\"\n\t\t\t  \tdata-numposts = \"10\"\n\t\t\t  \tdata-lazy = \"true\"\n\t\t\t\tdata-colorscheme = \"light\"\n\t\t\t\tdata-order-by = \"social\"\n\t\t\t\tdata-mobile=true>\n\t\t\t  <\/div><\/div>\n\t\t  <style>\n\t\t    .fb-background-color {\n\t\t\t\tbackground: #ffffff !important;\n\t\t\t}\n\t\t\t.fb_iframe_widget_fluid_desktop iframe {\n\t\t\t    width: 100% !important;\n\t\t\t}\n\t\t  <\/style>","protected":false},"excerpt":{"rendered":"<p>Definici\u00f3n Por definici\u00f3n, la fotograf\u00eda es la t\u00e9cnica de crear im\u00e1genes a trav\u00e9s de la exposici\u00f3n a la luz, fij\u00e1ndola sobre una superficie sensible a la luz. La mezcla de dos tipos de conocimientos gener\u00f3 la fotograf\u00eda. En otras palabras, incluso en la antig\u00fcedad, el principio se produc\u00eda a trav\u00e9s de observaciones de fen\u00f3menos f\u00edsicos. De la misma manera, mucho m\u00e1s tarde, en [\u2026]<\/p>","protected":false},"author":1,"featured_media":1696,"comment_status":"closed","ping_status":"open","sticky":false,"template":"","format":"standard","meta":[],"categories":[41],"tags":[46,44,45],"_links":{"self":[{"href":"https:\/\/www.mamoruoguro.com\/es\/wp-json\/wp\/v2\/posts\/1764"}],"collection":[{"href":"https:\/\/www.mamoruoguro.com\/es\/wp-json\/wp\/v2\/posts"}],"about":[{"href":"https:\/\/www.mamoruoguro.com\/es\/wp-json\/wp\/v2\/types\/post"}],"author":[{"embeddable":true,"href":"https:\/\/www.mamoruoguro.com\/es\/wp-json\/wp\/v2\/users\/1"}],"replies":[{"embeddable":true,"href":"https:\/\/www.mamoruoguro.com\/es\/wp-json\/wp\/v2\/comments?post=1764"}],"version-history":[{"count":3,"href":"https:\/\/www.mamoruoguro.com\/es\/wp-json\/wp\/v2\/posts\/1764\/revisions"}],"predecessor-version":[{"id":2337,"href":"https:\/\/www.mamoruoguro.com\/es\/wp-json\/wp\/v2\/posts\/1764\/revisions\/2337"}],"wp:featuredmedia":[{"embeddable":true,"href":"https:\/\/www.mamoruoguro.com\/es\/wp-json\/wp\/v2\/media\/1696"}],"wp:attachment":[{"href":"https:\/\/www.mamoruoguro.com\/es\/wp-json\/wp\/v2\/media?parent=1764"}],"wp:term":[{"taxonomy":"category","embeddable":true,"href":"https:\/\/www.mamoruoguro.com\/es\/wp-json\/wp\/v2\/categories?post=1764"},{"taxonomy":"post_tag","embeddable":true,"href":"https:\/\/www.mamoruoguro.com\/es\/wp-json\/wp\/v2\/tags?post=1764"}],"curies":[{"name":"wp","href":"https:\/\/api.w.org\/{rel}","templated":true}]}}